{"id":961,"date":"2013-04-23T09:17:18","date_gmt":"2013-04-23T07:17:18","guid":{"rendered":"http:\/\/www.andreas-dresen.de\/wordpress\/?p=961"},"modified":"2013-04-24T14:37:15","modified_gmt":"2013-04-24T12:37:15","slug":"welttag-des-buches-verlosung","status":"publish","type":"post","link":"https:\/\/www.andreas-dresen.de\/wordpress\/?p=961","title":{"rendered":"Welttag des Buches &#8211; Verlosung!"},"content":{"rendered":"<p><strong>Verlosung!<\/strong><\/p>\n<p>Heute, am 23.April.2013, ist der Welttag des Buches.<\/p>\n<p>Aus diesem Grund ist die Aktion &#8222;<a href=\"http:\/\/www.facebook.com\/BloggerSchenkenLesefreude?ref=stream\">Blogger schenken Lesefreude<\/a>&#8220; ins Leben gerufen worden, mit mittlerweile \u00fcber 1000 (!) Blogs, die heute B\u00fccher verlosen.<\/p>\n<div style=\"width: 266px\" class=\"wp-caption aligncenter\"><img decoding=\"async\" loading=\"lazy\" alt=\"Blogger schenken Lesefreude\" src=\"https:\/\/si0.twimg.com\/profile_images\/3191965509\/5ec80ebd5cde07b9c5966dcd6a50e390.png\" width=\"256\" height=\"256\" \/><p class=\"wp-caption-text\">Blogger schenken Lesefreude<\/p><\/div>\n<p>Ich habe mich dieser Aktion nat\u00fcrlich angeschlossen. Darum verlose ich heute &#8222;<a href=\"https:\/\/www.andreas-dresen.de\/wordpress\/?page_id=423\">Das Buch des H\u00fcters<\/a>&#8220; aus dem <a href=\"http:\/\/www.acabus-verlag.de\/belletristik_9\/fantasy_4\/urban-fantasy_18\/das-buch-des-huumlters_9783862820535.htm\">Acabus-Verlag<\/a>!<\/p>\n<div id=\"attachment_718\" style=\"width: 175px\" class=\"wp-caption aligncenter\"><a href=\"https:\/\/www.andreas-dresen.de\/wordpress\/wp-content\/uploads\/2013\/01\/9783862820535-w165.jpg\"><img aria-describedby=\"caption-attachment-718\" decoding=\"async\" loading=\"lazy\" class=\"size-full wp-image-718\" alt=\"Das Buch des H\u00fcters Cover\" src=\"https:\/\/www.andreas-dresen.de\/wordpress\/wp-content\/uploads\/2013\/01\/9783862820535-w165.jpg\" width=\"165\" height=\"233\" \/><\/a><p id=\"caption-attachment-718\" class=\"wp-caption-text\">Das Buch des H\u00fcters Cover<\/p><\/div>\n<p>Alle, die heute (bis 23.59 Uhr) diesen Beitrag oder den entsprechenden Eintrag auf facebook kommentieren, sowie alle, die an der Abstimmung (oder den vorbereitenden Blog\/facebook-Eintr\u00e4gen) teilgenommen haben, \u00a0kommen in den Lostopf. Der Gewinner wird <del>morgen<\/del>\u00a0am 30.4.2013 gezogen und erh\u00e4lt eine signierte Printausgabe von &#8222;Das Buch des H\u00fcters&#8220;.<\/p>\n<p>xxxxxxxx UPDATE xxxxxxxxx<\/p>\n<p>Aufgrund des gro\u00dfen Interesses und um mit den Vorgaben der Aktion &#8222;Blogger schenken Lesefreude&#8220; gleichzuziehen, verl\u00e4ngere ich die Verlosung!<\/p>\n<p>Man kann nun also bis zum 29.April 2013, 23:59 Uhr seine Stimme abgeben. Die Verlosung selbst geschieht dann am 30.April. Dann wird auch der Gewinner benachrichtigt!<\/p>\n<p>xxxxxxxxxxxxxxxxxxxxxxxxxxx<\/p>\n<p>&nbsp;<\/p>\n<p>&nbsp;<\/p>\n<p><strong>Worum geht es \u00fcberhaupt in diesem Buch?\u00a0<\/strong><\/p>\n<p>\u201eKommando 9. August. Wir befreien Sie vom Diktat des Stroms und der Herrschaft des Computers. Leben Sie nat\u00fcrlich.\u201c<br \/>\nDiese S\u00e4tze leiten das Ende der uns bekannten Welt ein: Als radikale Umweltsch\u00fctzer die gesamte Stromversorgung zum Erliegen bringen, bedeutet dies eine Katastrophe f\u00fcr die Menschheit: Atomkraftwerke explodieren, Tiere beginnen sich gegen die Menschen zu richten und die Natur erobert die Erde zur\u00fcck.<\/p>\n<p>Hundert Jahre sp\u00e4ter fristen die Bewohner des industriellen Nordens ihr Leben in einer grauen Stadt voller Maschinen und Fabriken, w\u00e4hrend in der mittelalterlichen Gesellschaft von Pan\u00e4a, dem verfeindeten S\u00fcden des Landes, alle technologischen Neuerungen verboten sind.<\/p>\n<p>In dieser Welt bekommt Pejo, ein junger Mann aus dem Norden, auf einer Expedition in den S\u00fcden ein geheimnisvolles Buch von einem sterbenden M\u00e4dchen anvertraut.<br \/>\nSchnell stellt Pejo fest, dass die M\u00e4chtigen sowohl im Norden als auch im S\u00fcden des Landes alles daran setzen w\u00fcrden, in den Besitz dieses Schriftst\u00fcckes zu gelangen, und dass er zwischen die Fronten eines alten Krieges geraten ist.<br \/>\nAuf seinem Weg durch den S\u00fcden, auf dem er Heilerinnen, Mutanten und gef\u00e4hrlichen \u201eViechern\u201c begegnet, muss er nicht nur Gefahren trotzen, sondern sich auch der Vergangenheit seines Landes und seinen eigenen Gef\u00fchlen stellen \u2013 denn nur so kann er am Ende die richtige Entscheidung treffen.<\/p>\n<div class=\"fb-comments\" data-href=\"https:\/\/www.andreas-dresen.de\/wordpress\/?p=961\" data-width=\"470\" data-num-posts=\"10\"><\/div>\n","protected":false},"excerpt":{"rendered":"<p>Verlosung! Heute, am 23.April.2013, ist der Welttag des Buches. Aus diesem Grund ist die Aktion &#8222;Blogger schenken Lesefreude&#8220; ins Leben gerufen worden, mit mittlerweile \u00fcber 1000 (!) Blogs, die heute B\u00fccher verlosen. Ich habe mich dieser Aktion nat\u00fcrlich angeschlossen. Darum &hellip; <a href=\"https:\/\/www.andreas-dresen.de\/wordpress\/?p=961\">Weiterlesen <span class=\"meta-nav\">&rarr;<\/span><\/a><\/p>\n","protected":false},"author":1,"featured_media":0,"comment_status":"open","ping_status":"open","sticky":false,"template":"","format":"standard","meta":{"ngg_post_thumbnail":0},"categories":[244,1,173,55,57,117],"tags":[66,27,31,28,35,38,419,238,34,14,19,64,17,18,48,41,44,65,16,417,11,24,49,13,15],"_links":{"self":[{"href":"https:\/\/www.andreas-dresen.de\/wordpress\/index.php?rest_route=\/wp\/v2\/posts\/961"}],"collection":[{"href":"https:\/\/www.andreas-dresen.de\/wordpress\/index.php?rest_route=\/wp\/v2\/posts"}],"about":[{"href":"https:\/\/www.andreas-dresen.de\/wordpress\/index.php?rest_route=\/wp\/v2\/types\/post"}],"author":[{"embeddable":true,"href":"https:\/\/www.andreas-dresen.de\/wordpress\/index.php?rest_route=\/wp\/v2\/users\/1"}],"replies":[{"embeddable":true,"href":"https:\/\/www.andreas-dresen.de\/wordpress\/index.php?rest_route=%2Fwp%2Fv2%2Fcomments&post=961"}],"version-history":[{"count":7,"href":"https:\/\/www.andreas-dresen.de\/wordpress\/index.php?rest_route=\/wp\/v2\/posts\/961\/revisions"}],"predecessor-version":[{"id":972,"href":"https:\/\/www.andreas-dresen.de\/wordpress\/index.php?rest_route=\/wp\/v2\/posts\/961\/revisions\/972"}],"wp:attachment":[{"href":"https:\/\/www.andreas-dresen.de\/wordpress\/index.php?rest_route=%2Fwp%2Fv2%2Fmedia&parent=961"}],"wp:term":[{"taxonomy":"category","embeddable":true,"href":"https:\/\/www.andreas-dresen.de\/wordpress\/index.php?rest_route=%2Fwp%2Fv2%2Fcategories&post=961"},{"taxonomy":"post_tag","embeddable":true,"href":"https:\/\/www.andreas-dresen.de\/wordpress\/index.php?rest_route=%2Fwp%2Fv2%2Ftags&post=961"}],"curies":[{"name":"wp","href":"https:\/\/api.w.org\/{rel}","templated":true}]}}