{"id":384,"date":"2011-12-09T09:39:44","date_gmt":"2011-12-09T07:39:44","guid":{"rendered":"http:\/\/www.andreas-dresen.de\/wordpress\/?p=384"},"modified":"2011-12-09T09:41:45","modified_gmt":"2011-12-09T07:41:45","slug":"das-buch-des-huters","status":"publish","type":"post","link":"https:\/\/www.andreas-dresen.de\/wordpress\/?p=384","title":{"rendered":"Das Buch des H\u00fcters"},"content":{"rendered":"<blockquote><p>&nbsp;<\/p>\n<p><img decoding=\"async\" loading=\"lazy\" class=\"aligncenter\" title=\"Cover Das Buch des H\u00fcters\" src=\"http:\/\/ecx.images-amazon.com\/images\/I\/51EknjVyTnL._SL500_AA300_.jpg\" alt=\"Der neue Roman von Andreas Dresen\" width=\"300\" height=\"300\" \/><\/p>\n<p>&#8218;Kommando 9. August. Wir befreien Sie vom Diktat des Stroms und der Herrschaft des Computers. Leben Sie nat\u00fcrlich.&#8216; Diese S\u00e4tze leiten das Ende der uns bekannten Welt ein: Als radikale Umweltsch\u00fctzer die gesamte Stromversorgung zum Erliegen bringen, bedeutet dies eine Katastrophe f\u00fcr die Menschheit: Atomkraftwerke explodieren, Tiere beginnen sich gegen die Menschen zu richten und die Natur erobert die Erde zur\u00fcck.<br \/>\nHundert Jahre sp\u00e4ter fristen die Bewohner des industriellen Nordens ihr Leben in einer grauen Stadt voller Maschinen und Fabriken, w\u00e4hrend in der mittelalterlichen Gesellschaft von Pan\u00e4a, dem verfeindeten S\u00fcden des Landes, alle technologischen Neuerungen verboten sind.<\/p>\n<p>In dieser Welt bekommt Pejo, ein junger Mann aus dem Norden, auf einer Expedition in den S\u00fcden ein geheimnisvolles Buch von einem sterbenden M\u00e4dchen anvertraut. Schnell stellt Pejo fest, dass die M\u00e4chtigen sowohl im Norden als auch im S\u00fcden des Landes alles daran setzen w\u00fcrden, in den Besitz dieses Schriftst\u00fcckes zu gelangen, und dass er zwischen die Fronten eines alten Krieges geraten ist. Auf seinem Weg durch den S\u00fcden, auf dem er Heilerinnen, Mutanten und gef\u00e4hrlichen &#8218;Viechern&#8216; begegnet, muss er nicht nur Gefahren trotzen, sondern sich auch der Vergangenheit seines Landes und seinen eigenen Gef\u00fchlen stellen &#8211; denn nur so kann er am Ende die richtige Entscheidung treffen.<\/p><\/blockquote>\n<p>Der neue Roman von Andreas Dresen. Ab sofort bei allen Buchh\u00e4ndlern und Online-Portalen erh\u00e4ltlich. Am schnellsten im Moment noch direkt beim Acabus-Verlag zu beziehen, oder, wenn man zum Beispiel ein signiertes Exemplar m\u00f6chte, bei <a title=\"Kontakt\/Impressum\" href=\"https:\/\/www.andreas-dresen.de\/wordpress\/?page_id=45\" target=\"_blank\">mir.<\/a><\/p>\n<div class=\"zemanta-pixie\" style=\"margin-top: 10px; height: 15px;\"><\/div>\n","protected":false},"excerpt":{"rendered":"<p>&nbsp; &#8218;Kommando 9. August. Wir befreien Sie vom Diktat des Stroms und der Herrschaft des Computers. Leben Sie nat\u00fcrlich.&#8216; Diese S\u00e4tze leiten das Ende der uns bekannten Welt ein: Als radikale Umweltsch\u00fctzer die gesamte Stromversorgung zum Erliegen bringen, bedeutet dies &hellip; <a href=\"https:\/\/www.andreas-dresen.de\/wordpress\/?p=384\">Weiterlesen <span class=\"meta-nav\">&rarr;<\/span><\/a><\/p>\n","protected":false},"author":1,"featured_media":0,"comment_status":"open","ping_status":"open","sticky":false,"template":"","format":"standard","meta":{"ngg_post_thumbnail":0},"categories":[1,55,57],"tags":[106,27,108,99,100,110,104,14,102,111,101,98,54,115,112,107,105,29,103,113,11,24,114,15,109],"_links":{"self":[{"href":"https:\/\/www.andreas-dresen.de\/wordpress\/index.php?rest_route=\/wp\/v2\/posts\/384"}],"collection":[{"href":"https:\/\/www.andreas-dresen.de\/wordpress\/index.php?rest_route=\/wp\/v2\/posts"}],"about":[{"href":"https:\/\/www.andreas-dresen.de\/wordpress\/index.php?rest_route=\/wp\/v2\/types\/post"}],"author":[{"embeddable":true,"href":"https:\/\/www.andreas-dresen.de\/wordpress\/index.php?rest_route=\/wp\/v2\/users\/1"}],"replies":[{"embeddable":true,"href":"https:\/\/www.andreas-dresen.de\/wordpress\/index.php?rest_route=%2Fwp%2Fv2%2Fcomments&post=384"}],"version-history":[{"count":5,"href":"https:\/\/www.andreas-dresen.de\/wordpress\/index.php?rest_route=\/wp\/v2\/posts\/384\/revisions"}],"predecessor-version":[{"id":390,"href":"https:\/\/www.andreas-dresen.de\/wordpress\/index.php?rest_route=\/wp\/v2\/posts\/384\/revisions\/390"}],"wp:attachment":[{"href":"https:\/\/www.andreas-dresen.de\/wordpress\/index.php?rest_route=%2Fwp%2Fv2%2Fmedia&parent=384"}],"wp:term":[{"taxonomy":"category","embeddable":true,"href":"https:\/\/www.andreas-dresen.de\/wordpress\/index.php?rest_route=%2Fwp%2Fv2%2Fcategories&post=384"},{"taxonomy":"post_tag","embeddable":true,"href":"https:\/\/www.andreas-dresen.de\/wordpress\/index.php?rest_route=%2Fwp%2Fv2%2Ftags&post=384"}],"curies":[{"name":"wp","href":"https:\/\/api.w.org\/{rel}","templated":true}]}}