{"id":381,"date":"2011-11-25T11:11:35","date_gmt":"2011-11-25T09:11:35","guid":{"rendered":"http:\/\/www.andreas-dresen.de\/wordpress\/?p=381"},"modified":"2011-11-25T11:11:35","modified_gmt":"2011-11-25T09:11:35","slug":"mein-neuer-roman-das-buch-des-huters-das-cover","status":"publish","type":"post","link":"https:\/\/www.andreas-dresen.de\/wordpress\/?p=381","title":{"rendered":"Mein neuer Roman: Das Buch des H\u00fcters &#8211; das Cover"},"content":{"rendered":"<p>Voller Stolz pr\u00e4sentiere ich Euch das Cover meines neuen Romans: &#8222;Das Buch des H\u00fcters&#8220;<\/p>\n<p><a href=\"http:\/\/amzn.to\/rHrWU2\"><img decoding=\"async\" src=\"http:\/\/ecx.images-amazon.com\/images\/I\/51EknjVyTnL._SS400_.jpg\" alt=\"\" title=\"\" \/><\/a><\/p>\n<p>Der Titel ist bereits bei <a href=\"http:\/\/amzn.to\/rHrWU2\">Amazon<\/a> oder <a href=\"http:\/\/acabus-verlag.de\/vorschau\/index.htm\">dem Acabus-Verlag<\/a> vorbestellbar. Nat\u00fcrlich kann man auch \u00fcber mich ein (auf Wunsch) signiertes Expemplar beziehen. Es d\u00fcrfte nur noch wenige Tage dauern, bis das Buch gedruckt und versandfertig ist.<br \/>\nGanz besonders gef\u00e4llt mir diesmal die R\u00fcckseite des Buches, die darf aber nur ersp\u00e4hen, wer das Buch dann auch selbst in H\u00e4nden h\u00e4lt \ud83d\ude42<\/p>\n<p>Kurzzusammenfassung:<\/p>\n<blockquote><p>&#8218;Kommando 9. August. Wir befreien Sie vom Diktat des Stroms und der Herrschaft des Computers. Leben Sie nat\u00fcrlich.&#8216; Diese S\u00e4tze leiten das Ende der uns bekannten Welt ein: Als radikale Umweltsch\u00fctzer die gesamte Stromversorgung zum Erliegen bringen, bedeutet dies eine Katastrophe f\u00fcr die Menschheit: Atomkraftwerke explodieren, Tiere beginnen sich gegen die Menschen zu richten und die Natur erobert die Erde zur\u00fcck.<br \/>\nHundert Jahre sp\u00e4ter fristen die Bewohner des industriellen Nordens ihr Leben in einer grauen Stadt voller Maschinen und Fabriken, w\u00e4hrend in der mittelalterlichen Gesellschaft von Pan\u00e4a, dem verfeindeten S\u00fcden des Landes, alle technologischen Neuerungen verboten sind.<\/p>\n<p>In dieser Welt bekommt Pejo, ein junger Mann aus dem Norden, auf einer Expedition in den S\u00fcden ein geheimnisvolles Buch von einem sterbenden M\u00e4dchen anvertraut. Schnell stellt Pejo fest, dass die M\u00e4chtigen sowohl im Norden als auch im S\u00fcden des Landes alles daran setzen w\u00fcrden, in den Besitz dieses Schriftst\u00fcckes zu gelangen, und dass er zwischen die Fronten eines alten Krieges geraten ist. Auf seinem Weg durch den S\u00fcden, auf dem er Heilerinnen, Mutanten und gef\u00e4hrlichen &#8218;Viechern&#8216; begegnet, muss er nicht nur Gefahren trotzen, sondern sich auch der Vergangenheit seines Landes und seinen eigenen Gef\u00fchlen stellen &#8211; denn nur so kann er am Ende die richtige Entscheidung treffen.<\/p><\/blockquote>\n<p>Viel Spa\u00df beim Lesen! <\/p>\n","protected":false},"excerpt":{"rendered":"<p>Voller Stolz pr\u00e4sentiere ich Euch das Cover meines neuen Romans: &#8222;Das Buch des H\u00fcters&#8220; Der Titel ist bereits bei Amazon oder dem Acabus-Verlag vorbestellbar. Nat\u00fcrlich kann man auch \u00fcber mich ein (auf Wunsch) signiertes Expemplar beziehen. Es d\u00fcrfte nur noch &hellip; <a href=\"https:\/\/www.andreas-dresen.de\/wordpress\/?p=381\">Weiterlesen <span class=\"meta-nav\">&rarr;<\/span><\/a><\/p>\n","protected":false},"author":1,"featured_media":0,"comment_status":"open","ping_status":"open","sticky":false,"template":"","format":"standard","meta":{"ngg_post_thumbnail":0},"categories":[1,55,57],"tags":[27,97,35,14,19,64,17,65,16,51,11,24,15],"_links":{"self":[{"href":"https:\/\/www.andreas-dresen.de\/wordpress\/index.php?rest_route=\/wp\/v2\/posts\/381"}],"collection":[{"href":"https:\/\/www.andreas-dresen.de\/wordpress\/index.php?rest_route=\/wp\/v2\/posts"}],"about":[{"href":"https:\/\/www.andreas-dresen.de\/wordpress\/index.php?rest_route=\/wp\/v2\/types\/post"}],"author":[{"embeddable":true,"href":"https:\/\/www.andreas-dresen.de\/wordpress\/index.php?rest_route=\/wp\/v2\/users\/1"}],"replies":[{"embeddable":true,"href":"https:\/\/www.andreas-dresen.de\/wordpress\/index.php?rest_route=%2Fwp%2Fv2%2Fcomments&post=381"}],"version-history":[{"count":2,"href":"https:\/\/www.andreas-dresen.de\/wordpress\/index.php?rest_route=\/wp\/v2\/posts\/381\/revisions"}],"predecessor-version":[{"id":383,"href":"https:\/\/www.andreas-dresen.de\/wordpress\/index.php?rest_route=\/wp\/v2\/posts\/381\/revisions\/383"}],"wp:attachment":[{"href":"https:\/\/www.andreas-dresen.de\/wordpress\/index.php?rest_route=%2Fwp%2Fv2%2Fmedia&parent=381"}],"wp:term":[{"taxonomy":"category","embeddable":true,"href":"https:\/\/www.andreas-dresen.de\/wordpress\/index.php?rest_route=%2Fwp%2Fv2%2Fcategories&post=381"},{"taxonomy":"post_tag","embeddable":true,"href":"https:\/\/www.andreas-dresen.de\/wordpress\/index.php?rest_route=%2Fwp%2Fv2%2Ftags&post=381"}],"curies":[{"name":"wp","href":"https:\/\/api.w.org\/{rel}","templated":true}]}}