{"id":375,"date":"2011-11-18T17:06:19","date_gmt":"2011-11-18T15:06:19","guid":{"rendered":"http:\/\/www.andreas-dresen.de\/wordpress\/?p=375"},"modified":"2011-11-18T17:06:19","modified_gmt":"2011-11-18T15:06:19","slug":"leserpreis-2011-ava-und-die-stadt-des-schwarzen-engels","status":"publish","type":"post","link":"https:\/\/www.andreas-dresen.de\/wordpress\/?p=375","title":{"rendered":"Leserpreis 2011 &#8211; Ava und die STADT des schwarzen Engels"},"content":{"rendered":"<p>Wenn Euch &#8222;Ava und die STADT des schwarzen Engels&#8220; gefallen hat, k\u00f6nnt ihr nun bis zum <strong>20.11.<\/strong> auf <a href=\"http:\/\/bit.ly\/so3NNM\">Lovelybooks<\/a> meinen Deb\u00fctroman aus dem Acabus-Verlag f\u00fcr den Leserpreis 2011 nominieren!<br \/>\nDie 35 B\u00fccher mit den meisten Stimmen kommen ins Finale! Einfach die Kategorie &#8222;Fantasy&#8220; ausw\u00e4hlen und dann mein Buch eingeben. Man braucht keinen Lovelbooks-Account, nur eine Email-Adresse! Jede Stimme z\u00e4hlt!<br \/>\n<a href=\"http:\/\/bit.ly\/so3NNM\n\">Hier gehts zur Abstimmung!<\/a><\/p>\n<div id=\"attachment_60\" style=\"width: 145px\" class=\"wp-caption aligncenter\"><a href=\"https:\/\/www.andreas-dresen.de\/wordpress\/wp-content\/uploads\/2011\/04\/h68z3Q.jpeg\"><img aria-describedby=\"caption-attachment-60\" decoding=\"async\" loading=\"lazy\" src=\"https:\/\/www.andreas-dresen.de\/wordpress\/wp-content\/uploads\/2011\/04\/h68z3Q.jpeg\" alt=\"Ava und die STADT des schwarzen Engels\" title=\"Ava und die STADT des schwarzen Engels\" width=\"135\" height=\"194\" class=\"size-full wp-image-60\" \/><\/a><p id=\"caption-attachment-60\" class=\"wp-caption-text\">Ava und die STADT des schwarzen Engels<\/p><\/div>\n<p>Wenn Euch das Cover ebenfalls gefallen hat, kein Problem! Das Buch ist auch auf der Liste f\u00fcr die Nominierungen der &#8222;Besten Cover&#8220;. Einfach die Kategorie &#8222;Cover&#8220; ausw\u00e4hlen und Ava eintragen. Mit jeder Email-Adresse kann man nur einmal voten pro Kategorie &#8211; und es z\u00e4hlt immer die zuletzt abgegebene Stimme.<\/p>\n<p>Danke f\u00fcr Eure Unterst\u00fctzung!<\/p>\n<p>Falls ihr Euch noch keine Meinung bilden k\u00f6nnt, weil Ihr das Buch noch nicht gelesen habt: F\u00fcndig werdet ihr bei<a href=\"http:\/\/amzn.to\/h68z3Q\"> Amazon<\/a> (auch als E-<a href=\"http:\/\/amzn.to\/s3oR39\">Book<\/a>) oder direkt beim <a href=\"http:\/\/acabus-verlag.de\/ava_die_stadt_des_schwarzen_engels\/index.htm\">Verlag<\/a>!<\/p>\n","protected":false},"excerpt":{"rendered":"<p>Wenn Euch &#8222;Ava und die STADT des schwarzen Engels&#8220; gefallen hat, k\u00f6nnt ihr nun bis zum 20.11. auf Lovelybooks meinen Deb\u00fctroman aus dem Acabus-Verlag f\u00fcr den Leserpreis 2011 nominieren! Die 35 B\u00fccher mit den meisten Stimmen kommen ins Finale! Einfach &hellip; <a href=\"https:\/\/www.andreas-dresen.de\/wordpress\/?p=375\">Weiterlesen <span class=\"meta-nav\">&rarr;<\/span><\/a><\/p>\n","protected":false},"author":1,"featured_media":0,"comment_status":"open","ping_status":"open","sticky":false,"template":"","format":"standard","meta":{"ngg_post_thumbnail":0},"categories":[1,55,57],"tags":[27,10,28,21,35,419,20,14,19,17,18,53,16,11,13,15],"_links":{"self":[{"href":"https:\/\/www.andreas-dresen.de\/wordpress\/index.php?rest_route=\/wp\/v2\/posts\/375"}],"collection":[{"href":"https:\/\/www.andreas-dresen.de\/wordpress\/index.php?rest_route=\/wp\/v2\/posts"}],"about":[{"href":"https:\/\/www.andreas-dresen.de\/wordpress\/index.php?rest_route=\/wp\/v2\/types\/post"}],"author":[{"embeddable":true,"href":"https:\/\/www.andreas-dresen.de\/wordpress\/index.php?rest_route=\/wp\/v2\/users\/1"}],"replies":[{"embeddable":true,"href":"https:\/\/www.andreas-dresen.de\/wordpress\/index.php?rest_route=%2Fwp%2Fv2%2Fcomments&post=375"}],"version-history":[{"count":4,"href":"https:\/\/www.andreas-dresen.de\/wordpress\/index.php?rest_route=\/wp\/v2\/posts\/375\/revisions"}],"predecessor-version":[{"id":379,"href":"https:\/\/www.andreas-dresen.de\/wordpress\/index.php?rest_route=\/wp\/v2\/posts\/375\/revisions\/379"}],"wp:attachment":[{"href":"https:\/\/www.andreas-dresen.de\/wordpress\/index.php?rest_route=%2Fwp%2Fv2%2Fmedia&parent=375"}],"wp:term":[{"taxonomy":"category","embeddable":true,"href":"https:\/\/www.andreas-dresen.de\/wordpress\/index.php?rest_route=%2Fwp%2Fv2%2Fcategories&post=375"},{"taxonomy":"post_tag","embeddable":true,"href":"https:\/\/www.andreas-dresen.de\/wordpress\/index.php?rest_route=%2Fwp%2Fv2%2Ftags&post=375"}],"curies":[{"name":"wp","href":"https:\/\/api.w.org\/{rel}","templated":true}]}}