{"id":1864,"date":"2015-05-18T10:25:00","date_gmt":"2015-05-18T08:25:00","guid":{"rendered":"http:\/\/www.andreas-dresen.de\/wordpress\/?p=1864"},"modified":"2025-06-19T00:21:19","modified_gmt":"2025-06-18T22:21:19","slug":"buhne-frei-fur-aachener-autoren-21-mai-2015","status":"publish","type":"post","link":"https:\/\/www.andreas-dresen.de\/wordpress\/?p=1864","title":{"rendered":"Offenes Mikro: B\u00fchne frei f\u00fcr Aachener Autoren &#8211; 21.Mai 2015"},"content":{"rendered":"<div style=\"width: 350px\" class=\"wp-caption aligncenter\"><a href=\"https:\/\/www.andreas-dresen.de\/wordpress\/wp-content\/uploads\/2015\/05\/11188172_639452102821661_6183326577866666083_n.jpg\"><img decoding=\"async\" loading=\"lazy\" alt=\"B\u00fchne frei f\u00fcr Aachener Autoren - Offenes Mikro Mai 2015  Lesen kann jeder!\" src=\"https:\/\/www.andreas-dresen.de\/wordpress\/wp-content\/uploads\/2015\/05\/11188172_639452102821661_6183326577866666083_n.jpg\" width=\"340\" height=\"480\" \/><\/a><p class=\"wp-caption-text\">B\u00fchne frei f\u00fcr Aachener Autoren &#8211; Offenes Mikro Mai 2015 Lesen kann jeder!<\/p><\/div>\n<p>OFFENES MIKRO \u2013 B\u00fchne frei f\u00fcr (Aachener) Autoren. Ob Literatur oder Kabarett, ob Gedichte oder Reime oder Poetry (Slam) : lest, was ihr wollt, auf der B\u00fchne im Charlatan! (Das Common Sense Gew\u00f6lbe hei\u00dft jetzt Charlatan, ist aber immer noch dort, wo es vorher war!)<\/p>\n<p>Gastautoren dieses Mal sind : <a href=\"http:\/\/buehnefreiaachen.de\/?page_id=347\">Constanza Fest<\/a>, <a href=\"http:\/\/buehnefreiaachen.de\/?page_id=72\">Gudrun Anders<\/a>, <a href=\"http:\/\/buehnefreiaachen.de\/?page_id=354\">Hichame Bensaid<\/a>, Frederik Hake und <a href=\"http:\/\/buehnefreiaachen.de\/?page_id=22\">Andreas Dresen<\/a>.<\/p>\n<p>Das B\u00fchnenbild gestaltet <a href=\"http:\/\/buehnefreiaachen.de\/?page_id=270\">Alex Elsen<\/a> und f\u00fcr die musikalische Unterhaltung sorgt <a href=\"http:\/\/buehnefreiaachen.de\/?page_id=80\">Ramon Aular<\/a>!<\/p>\n<p>Kommt vorbei am 21. Mai 2015 ab 19:30 Uhr im <a href=\"https:\/\/www.facebook.com\/pages\/Charlatan\/530474680386071?fref=ts\">Charlatan<\/a>, B\u00fcchel 14, 52062 Aachen! Wir freuen uns auf Euch.<\/p>\n","protected":false},"excerpt":{"rendered":"<p>OFFENES MIKRO \u2013 B\u00fchne frei f\u00fcr (Aachener) Autoren. Ob Literatur oder Kabarett, ob Gedichte oder Reime oder Poetry (Slam) : lest, was ihr wollt, auf der B\u00fchne im Charlatan! (Das Common Sense Gew\u00f6lbe hei\u00dft jetzt Charlatan, ist aber immer noch &hellip; <a href=\"https:\/\/www.andreas-dresen.de\/wordpress\/?p=1864\">Weiterlesen <span class=\"meta-nav\">&rarr;<\/span><\/a><\/p>\n","protected":false},"author":3,"featured_media":0,"comment_status":"closed","ping_status":"open","sticky":false,"template":"","format":"standard","meta":{"ngg_post_thumbnail":0},"categories":[173,395,167,30,57],"tags":[411,66,27,31,211,410,407,382,408,414,387,406,135,25,413,409,418,45,412,403,384,415,11,405,15,258,404],"_links":{"self":[{"href":"https:\/\/www.andreas-dresen.de\/wordpress\/index.php?rest_route=\/wp\/v2\/posts\/1864"}],"collection":[{"href":"https:\/\/www.andreas-dresen.de\/wordpress\/index.php?rest_route=\/wp\/v2\/posts"}],"about":[{"href":"https:\/\/www.andreas-dresen.de\/wordpress\/index.php?rest_route=\/wp\/v2\/types\/post"}],"author":[{"embeddable":true,"href":"https:\/\/www.andreas-dresen.de\/wordpress\/index.php?rest_route=\/wp\/v2\/users\/3"}],"replies":[{"embeddable":true,"href":"https:\/\/www.andreas-dresen.de\/wordpress\/index.php?rest_route=%2Fwp%2Fv2%2Fcomments&post=1864"}],"version-history":[{"count":4,"href":"https:\/\/www.andreas-dresen.de\/wordpress\/index.php?rest_route=\/wp\/v2\/posts\/1864\/revisions"}],"predecessor-version":[{"id":2395,"href":"https:\/\/www.andreas-dresen.de\/wordpress\/index.php?rest_route=\/wp\/v2\/posts\/1864\/revisions\/2395"}],"wp:attachment":[{"href":"https:\/\/www.andreas-dresen.de\/wordpress\/index.php?rest_route=%2Fwp%2Fv2%2Fmedia&parent=1864"}],"wp:term":[{"taxonomy":"category","embeddable":true,"href":"https:\/\/www.andreas-dresen.de\/wordpress\/index.php?rest_route=%2Fwp%2Fv2%2Fcategories&post=1864"},{"taxonomy":"post_tag","embeddable":true,"href":"https:\/\/www.andreas-dresen.de\/wordpress\/index.php?rest_route=%2Fwp%2Fv2%2Ftags&post=1864"}],"curies":[{"name":"wp","href":"https:\/\/api.w.org\/{rel}","templated":true}]}}