{"id":1856,"date":"2015-02-17T10:25:28","date_gmt":"2015-02-17T08:25:28","guid":{"rendered":"http:\/\/www.andreas-dresen.de\/wordpress\/?p=1856"},"modified":"2025-06-19T00:21:19","modified_gmt":"2025-06-18T22:21:19","slug":"autor-carsten-steenbergen-bei-buhne-frei-fur-aachener-autoren","status":"publish","type":"post","link":"https:\/\/www.andreas-dresen.de\/wordpress\/?p=1856","title":{"rendered":"Autor Carsten Steenbergen bei B\u00fchne frei f\u00fcr Aachener Autoren"},"content":{"rendered":"<p>&nbsp;<\/p>\n<div id=\"attachment_238\" style=\"width: 209px\" class=\"wp-caption alignleft\"><a href=\"http:\/\/buehnefreiaachen.de\/wp-content\/uploads\/2015\/02\/10967974_10205997813930001_1580835206_n.jpg\"><img aria-describedby=\"caption-attachment-238\" decoding=\"async\" loading=\"lazy\" class=\"size-medium wp-image-238\" alt=\"Carsten Steenbergen \u00a9 Pixel&amp;Korn\" src=\"http:\/\/buehnefreiaachen.de\/wp-content\/uploads\/2015\/02\/10967974_10205997813930001_1580835206_n-199x300.jpg\" width=\"199\" height=\"300\" \/><\/a><p id=\"caption-attachment-238\" class=\"wp-caption-text\">Carsten Steenbergen \u00a9 Pixel&amp;Korn<\/p><\/div>\n<p>Der M\u00f6nchengladbacher Autor <strong>Carsten Steenbergen<\/strong> mit niederl\u00e4ndischen Wurzeln wurde 1973 in D\u00fcsseldorf geboren. Aufgewachsen am Niederrhein, blieb er der Gegend auch sp\u00e4ter verbunden und arbeitet dort heute als Softwarebetreuer und Programmierer. Seine Begeisterung f\u00fcr Literatur begann bereits als jugendlicher Vielleser. Jahre sp\u00e4ter kam schlie\u00dflich der unb\u00e4ndige Drang hinzu, selbst spannende Abenteuer zu verfassen. Seitdem publiziert er Romane und H\u00f6rspiele, seine Leidenschaft geh\u00f6rt hierbei dem Thriller und einigen anderen Genres. Carsten Steenbergen lebt mit Frau und Tochter nahe der niederl\u00e4ndischen Grenze.<\/p>\n<p>Carsten Steenbergen wurde in 2008, 2009 und 2010 f\u00fcr den Deutschen Phantastik Preis nominiert, 2013 f\u00fcr den Kurd-La\u00dfwitz-Preis f\u00fcr seine Steampunk-Kurzgeschichte &#8222;Im Auftrag der Krone&#8220;.<\/p>\n<p>Bei der Veranstaltung im Februar wird Carsten Steenbergen aus seiner Thriller-<\/p>\n<div id=\"attachment_237\" style=\"width: 310px\" class=\"wp-caption alignright\"><a href=\"http:\/\/buehnefreiaachen.de\/wp-content\/uploads\/2015\/02\/10964695_10205997816250059_1261005375_o.jpg\"><img aria-describedby=\"caption-attachment-237\" decoding=\"async\" loading=\"lazy\" class=\"size-medium wp-image-237\" alt=\"Carsten Steenbergen \u00a9 Pixel&amp;Korn\" src=\"http:\/\/buehnefreiaachen.de\/wp-content\/uploads\/2015\/02\/10964695_10205997816250059_1261005375_o-300x200.jpg\" width=\"300\" height=\"200\" \/><\/a><p id=\"caption-attachment-237\" class=\"wp-caption-text\">Carsten Steenbergen \u00a9 Pixel&amp;Korn<\/p><\/div>\n<p>Reihe &#8222;<a href=\"http:\/\/www.droemer-knaur.de\/autoren\/8036575\/carsten-steenbergen\">Crane<\/a>&#8220; vorlesen, die 2014 im<a href=\"http:\/\/www.droemer-knaur.de\/autoren\/8036575\/carsten-steenbergen\"> Droemer Knaur Verlag <\/a>erschienen ist.<\/p>\n<p>Bekannt wurde Carsten aber auch f\u00fcr sein Horror-H\u00f6rspiel &#8222;Der Pilwiz&#8220; und seinen historischen Roman: &#8222;Teufelsacker: Mittelalterlicher Horror im M\u00f6nchengladbach des 13. Jahrhunderts.&#8220;<\/p>\n<p>Au\u00dferdem hat er mit\u00a0Stephan und\u00a0Thomas Orgel die Webnovel &#8222;<a href=\"http:\/\/www.steam-town.de\/\">Steamtown<\/a>&#8220; geschrieben. Daraus ist auch eine B\u00fchnenshow entstanden, mit der Carsten zusammen mit\u00a0Detlef Tams, durch die deutschsprachigen Lande tourt.<\/p>\n<p>Eine H\u00f6rprobe in Form einer Kurzgeschichte gibt es <a href=\"https:\/\/youtu.be\/vL0bgc4xAw4\">in diesem Video<\/a>:<\/p>\n<p>Wer jetzt mehr von Carsten Steenbergen lesen m\u00f6chte, kann mal in seinen <a href=\"http:\/\/carsten-steenbergen.de\/?page_id=268\">B\u00fcchern <\/a>oder in seinen <a href=\"http:\/\/carsten-steenbergen.de\/?page_id=275\">Kurzgeschichten<\/a> st\u00f6bern. Das lohnt sich!<\/p>\n<p>Wir freuen uns, Carsten am 19. Februar 2015 im Gew\u00f6lbekeller des CommonSense in Aachen begr\u00fc\u00dfen zu d\u00fcrfen.<\/p>\n<p><a href=\"http:\/\/carsten-steenbergen.de\/\" target=\"_blank\" rel=\"nofollow noopener\" data-reactid=\".w3.$mid=11422800602615=26548bc811a97ccf401.2:0.0.0.0.0.0.$range0:0\">http:\/\/carsten-steenbergen.de<\/a><\/p>\n<div id=\"attachment_1853\" style=\"width: 222px\" class=\"wp-caption aligncenter\"><a href=\"https:\/\/www.andreas-dresen.de\/wordpress\/wp-content\/uploads\/2015\/02\/Flyer_OM_Februar.jpg\"><img aria-describedby=\"caption-attachment-1853\" decoding=\"async\" loading=\"lazy\" class=\"size-medium wp-image-1853\" alt=\"B\u00fchne frei f\u00fcr Aachener Autoren Februar\" src=\"https:\/\/www.andreas-dresen.de\/wordpress\/wp-content\/uploads\/2015\/02\/Flyer_OM_Februar-212x300.jpg\" width=\"212\" height=\"300\" srcset=\"https:\/\/www.andreas-dresen.de\/wordpress\/wp-content\/uploads\/2015\/02\/Flyer_OM_Februar-212x300.jpg 212w, https:\/\/www.andreas-dresen.de\/wordpress\/wp-content\/uploads\/2015\/02\/Flyer_OM_Februar.jpg 679w\" sizes=\"(max-width: 212px) 100vw, 212px\" \/><\/a><p id=\"caption-attachment-1853\" class=\"wp-caption-text\">B\u00fchne frei f\u00fcr Aachener Autoren Februar<\/p><\/div>\n<p>&nbsp;<\/p>\n","protected":false},"excerpt":{"rendered":"<p>&nbsp; Der M\u00f6nchengladbacher Autor Carsten Steenbergen mit niederl\u00e4ndischen Wurzeln wurde 1973 in D\u00fcsseldorf geboren. Aufgewachsen am Niederrhein, blieb er der Gegend auch sp\u00e4ter verbunden und arbeitet dort heute als Softwarebetreuer und Programmierer. Seine Begeisterung f\u00fcr Literatur begann bereits als jugendlicher &hellip; <a href=\"https:\/\/www.andreas-dresen.de\/wordpress\/?p=1856\">Weiterlesen <span class=\"meta-nav\">&rarr;<\/span><\/a><\/p>\n","protected":false},"author":3,"featured_media":0,"comment_status":"closed","ping_status":"open","sticky":false,"template":"","format":"standard","meta":{"ngg_post_thumbnail":0},"categories":[244,1,395,30,57],"tags":[427,67],"_links":{"self":[{"href":"https:\/\/www.andreas-dresen.de\/wordpress\/index.php?rest_route=\/wp\/v2\/posts\/1856"}],"collection":[{"href":"https:\/\/www.andreas-dresen.de\/wordpress\/index.php?rest_route=\/wp\/v2\/posts"}],"about":[{"href":"https:\/\/www.andreas-dresen.de\/wordpress\/index.php?rest_route=\/wp\/v2\/types\/post"}],"author":[{"embeddable":true,"href":"https:\/\/www.andreas-dresen.de\/wordpress\/index.php?rest_route=\/wp\/v2\/users\/3"}],"replies":[{"embeddable":true,"href":"https:\/\/www.andreas-dresen.de\/wordpress\/index.php?rest_route=%2Fwp%2Fv2%2Fcomments&post=1856"}],"version-history":[{"count":5,"href":"https:\/\/www.andreas-dresen.de\/wordpress\/index.php?rest_route=\/wp\/v2\/posts\/1856\/revisions"}],"predecessor-version":[{"id":2397,"href":"https:\/\/www.andreas-dresen.de\/wordpress\/index.php?rest_route=\/wp\/v2\/posts\/1856\/revisions\/2397"}],"wp:attachment":[{"href":"https:\/\/www.andreas-dresen.de\/wordpress\/index.php?rest_route=%2Fwp%2Fv2%2Fmedia&parent=1856"}],"wp:term":[{"taxonomy":"category","embeddable":true,"href":"https:\/\/www.andreas-dresen.de\/wordpress\/index.php?rest_route=%2Fwp%2Fv2%2Fcategories&post=1856"},{"taxonomy":"post_tag","embeddable":true,"href":"https:\/\/www.andreas-dresen.de\/wordpress\/index.php?rest_route=%2Fwp%2Fv2%2Ftags&post=1856"}],"curies":[{"name":"wp","href":"https:\/\/api.w.org\/{rel}","templated":true}]}}