{"id":1817,"date":"2015-01-01T13:54:42","date_gmt":"2015-01-01T11:54:42","guid":{"rendered":"http:\/\/www.andreas-dresen.de\/wordpress\/?p=1817"},"modified":"2015-01-01T13:55:12","modified_gmt":"2015-01-01T11:55:12","slug":"autorin-maja-ilisch-bei-buhne-frei-fur-aachener-autoren","status":"publish","type":"post","link":"https:\/\/www.andreas-dresen.de\/wordpress\/?p=1817","title":{"rendered":"Autorin Maja Ilisch bei &#8222;B\u00fchne frei f\u00fcr Aachener Autoren&#8220;"},"content":{"rendered":"<p>In wenigen Tagen ist es wieder soweit und unsere Veranstaltung &#8222;B\u00fchne frei f\u00fcr Aachener Autoren &#8211; Offenes Mikro&#8220; geht bereits in die <strong>dritte<\/strong> Runde. Vorab m\u00f6chte ich Euch wieder die geladenen Gastautoren etwas vorstellen.<\/p>\n<div id=\"attachment_1803\" style=\"width: 222px\" class=\"wp-caption aligncenter\"><a href=\"https:\/\/www.facebook.com\/events\/1518287941790167\"><img aria-describedby=\"caption-attachment-1803\" decoding=\"async\" loading=\"lazy\" class=\"size-medium wp-image-1803\" alt=\"Offenes Mikro im Januar 2015\" src=\"https:\/\/www.andreas-dresen.de\/wordpress\/wp-content\/uploads\/2014\/12\/FlyerOMJanuar_neu-212x300.jpg\" width=\"212\" height=\"300\" srcset=\"https:\/\/www.andreas-dresen.de\/wordpress\/wp-content\/uploads\/2014\/12\/FlyerOMJanuar_neu-212x300.jpg 212w, https:\/\/www.andreas-dresen.de\/wordpress\/wp-content\/uploads\/2014\/12\/FlyerOMJanuar_neu.jpg 679w\" sizes=\"(max-width: 212px) 100vw, 212px\" \/><\/a><p id=\"caption-attachment-1803\" class=\"wp-caption-text\">Offenes Mikro im Januar 2015<\/p><\/div>\n<p>Die n\u00e4chste Gastautorin an diesem Abend wird Maja Ilisch aus Stolberg bei Aachen sein.<\/p>\n<div id=\"attachment_1818\" style=\"width: 216px\" class=\"wp-caption alignleft\"><a href=\"http:\/\/www.ilisch.de\/\"><img aria-describedby=\"caption-attachment-1818\" decoding=\"async\" loading=\"lazy\" class=\"size-medium wp-image-1818\" alt=\"Die Autorin Maja Ilisch\" src=\"https:\/\/www.andreas-dresen.de\/wordpress\/wp-content\/uploads\/2015\/01\/60714_520090741353394_1167995169_n-206x300.jpg\" width=\"206\" height=\"300\" srcset=\"https:\/\/www.andreas-dresen.de\/wordpress\/wp-content\/uploads\/2015\/01\/60714_520090741353394_1167995169_n-206x300.jpg 206w, https:\/\/www.andreas-dresen.de\/wordpress\/wp-content\/uploads\/2015\/01\/60714_520090741353394_1167995169_n.jpg 412w\" sizes=\"(max-width: 206px) 100vw, 206px\" \/><\/a><p id=\"caption-attachment-1818\" class=\"wp-caption-text\">Die Autorin Maja Ilisch<\/p><\/div>\n<p><a href=\"ilisch.de\">Maja Ilisch<\/a> wurde 1975 am Welttag des Buches in Dortmund geboren, studierte \u00d6ffentliches Bibliothekswesen an der FH K\u00f6ln und absolvierte eine Ausbildung zur Fachbuchh\u00e4ndlerin.<\/p>\n<p>Sie schrieb unter anderem f\u00fcr TV-Serien auf SAT1 und RTL sowie f\u00fcr ein H\u00f6rspiellabel, f\u00fcr das sie auch eine Phantastikreihe konzipierte.<\/p>\n<p>Au\u00dferdem betreibt sie die Website des von ihr gegr\u00fcndete Fantasy-Autorenforums TINTENZIRKEL.<\/p>\n<p>Heute lebt sie als Bibliothekarin und freie Autorin mit ihrem Mann in Aachen, wo sie sich mit B\u00fcchern umgibt und ausgew\u00e4hlte G\u00e4ste mit ihrer Puppensammlung erschreckt, die fast nur aus K\u00f6pfen besteht. 2013 erschienen ihre Romane &#8222;Das Puppenzimmer&#8220; und &#8222;Geigenzauber&#8220;.<\/p>\n<p>Maja Ilisch wird am 8.1.2015 bei &#8222;B\u00fchne frei f\u00fcr Aachener Autoren&#8220; aus ihren Roman &#8222;Das Puppenzimmer&#8220; lesen.<\/p>\n<blockquote><p>London im Jahr 1908. Drei Wege f\u00fchren aus dem<\/p>\n<div id=\"attachment_1820\" style=\"width: 200px\" class=\"wp-caption alignright\"><a href=\"http:\/\/www.amazon.de\/gp\/product\/B00DJ65NRW\/ref=as_li_tf_tl?ie=UTF8&amp;camp=1638&amp;creative=6742&amp;creativeASIN=B00DJ65NRW&amp;linkCode=as2&amp;tag=majailisch-21\"><img aria-describedby=\"caption-attachment-1820\" decoding=\"async\" loading=\"lazy\" class=\"size-full wp-image-1820\" alt=\"Maja Ilisch - Das Puppenzimmer\" src=\"https:\/\/www.andreas-dresen.de\/wordpress\/wp-content\/uploads\/2015\/01\/puppenzimmer.jpg\" width=\"190\" height=\"300\" \/><\/a><p id=\"caption-attachment-1820\" class=\"wp-caption-text\">Maja Ilisch &#8211; Das Puppenzimmer<\/p><\/div>\n<p>Waisenhaus: der Tod, das Arbeitshaus oder eine Adoption. Als die junge Florence in den Haushalt der Familie Molyneux aufgenommen wird, kann sie eigentlich aufatmen &#8211; doch sie erkennt schnell, dass etwas auf dem prachtvollen Landsitz Hollyhock ganz und gar nicht stimmt. Warum darf au\u00dfer ihr niemand das Zimmer voller alter Puppen betreten? Wieso kann sie dort manchmal Kinderlachen h\u00f6ren und manchmal ein Weinen? Und welches d\u00fcstere Geheimnis bergen der gutaussehende Rufus Molyneux und seine eiskalte Schwester? Florence ahnt noch nicht, wie gef\u00e4hrlich Neugier sein kann &#8211; und das nicht nur ihr Leben auf dem Spiel steht \u2026<\/p><\/blockquote>\n<p>Wir freuen uns auf Maja Ilisch am kommenden Donnerstag im Gew\u00f6lbekeller des CommonSense in Aachen!<\/p>\n","protected":false},"excerpt":{"rendered":"<p>In wenigen Tagen ist es wieder soweit und unsere Veranstaltung &#8222;B\u00fchne frei f\u00fcr Aachener Autoren &#8211; Offenes Mikro&#8220; geht bereits in die dritte Runde. Vorab m\u00f6chte ich Euch wieder die geladenen Gastautoren etwas vorstellen. Die n\u00e4chste Gastautorin an diesem Abend &hellip; <a href=\"https:\/\/www.andreas-dresen.de\/wordpress\/?p=1817\">Weiterlesen <span class=\"meta-nav\">&rarr;<\/span><\/a><\/p>\n","protected":false},"author":3,"featured_media":1807,"comment_status":"open","ping_status":"open","sticky":false,"template":"","format":"standard","meta":{"ngg_post_thumbnail":0},"categories":[244,1,173,55,395,33,30,57,117],"tags":[66,27,377,399,398,396,418,384,397,390],"_links":{"self":[{"href":"https:\/\/www.andreas-dresen.de\/wordpress\/index.php?rest_route=\/wp\/v2\/posts\/1817"}],"collection":[{"href":"https:\/\/www.andreas-dresen.de\/wordpress\/index.php?rest_route=\/wp\/v2\/posts"}],"about":[{"href":"https:\/\/www.andreas-dresen.de\/wordpress\/index.php?rest_route=\/wp\/v2\/types\/post"}],"author":[{"embeddable":true,"href":"https:\/\/www.andreas-dresen.de\/wordpress\/index.php?rest_route=\/wp\/v2\/users\/3"}],"replies":[{"embeddable":true,"href":"https:\/\/www.andreas-dresen.de\/wordpress\/index.php?rest_route=%2Fwp%2Fv2%2Fcomments&post=1817"}],"version-history":[{"count":4,"href":"https:\/\/www.andreas-dresen.de\/wordpress\/index.php?rest_route=\/wp\/v2\/posts\/1817\/revisions"}],"predecessor-version":[{"id":1825,"href":"https:\/\/www.andreas-dresen.de\/wordpress\/index.php?rest_route=\/wp\/v2\/posts\/1817\/revisions\/1825"}],"wp:featuredmedia":[{"embeddable":true,"href":"https:\/\/www.andreas-dresen.de\/wordpress\/index.php?rest_route=\/wp\/v2\/media\/1807"}],"wp:attachment":[{"href":"https:\/\/www.andreas-dresen.de\/wordpress\/index.php?rest_route=%2Fwp%2Fv2%2Fmedia&parent=1817"}],"wp:term":[{"taxonomy":"category","embeddable":true,"href":"https:\/\/www.andreas-dresen.de\/wordpress\/index.php?rest_route=%2Fwp%2Fv2%2Fcategories&post=1817"},{"taxonomy":"post_tag","embeddable":true,"href":"https:\/\/www.andreas-dresen.de\/wordpress\/index.php?rest_route=%2Fwp%2Fv2%2Ftags&post=1817"}],"curies":[{"name":"wp","href":"https:\/\/api.w.org\/{rel}","templated":true}]}}