{"id":1729,"date":"2014-11-20T18:16:12","date_gmt":"2014-11-20T16:16:12","guid":{"rendered":"http:\/\/www.andreas-dresen.de\/wordpress\/?p=1729"},"modified":"2014-11-20T18:16:12","modified_gmt":"2014-11-20T16:16:12","slug":"auf-der-buhne","status":"publish","type":"post","link":"https:\/\/www.andreas-dresen.de\/wordpress\/?p=1729","title":{"rendered":"Auf der B\u00fchne!"},"content":{"rendered":"<p>Vor genau einer Woche war es soweit. Die Premiere der Veranstaltung &#8222;B\u00fchne frei f\u00fcr Aachener Autoren &#8211; Offenes Mikro&#8220; unter dem Motto: &#8222;Lesen kann jeder&#8220; fand im Gew\u00f6lbekeller des Bio-Restaurants CommonSense in Aachen statt.<br \/>\nEingeladene Gastautoren waren Robert Targan, Bj\u00f6rn Gotzes, Falk Sperber und Andreas Dresen. Hier ein paar Eindr\u00fccke nebst Kurzbio der Beteiligten &#8230;<\/p>\n<div id=\"attachment_1699\" style=\"width: 222px\" class=\"wp-caption aligncenter\"><a href=\"https:\/\/www.andreas-dresen.de\/wordpress\/wp-content\/uploads\/2014\/10\/Flyer_November_Lesung.jpg\"><img aria-describedby=\"caption-attachment-1699\" decoding=\"async\" loading=\"lazy\" class=\"size-medium wp-image-1699\" alt=\"Autoren Lesung November\" src=\"https:\/\/www.andreas-dresen.de\/wordpress\/wp-content\/uploads\/2014\/10\/Flyer_November_Lesung-212x300.jpg\" width=\"212\" height=\"300\" srcset=\"https:\/\/www.andreas-dresen.de\/wordpress\/wp-content\/uploads\/2014\/10\/Flyer_November_Lesung-212x300.jpg 212w, https:\/\/www.andreas-dresen.de\/wordpress\/wp-content\/uploads\/2014\/10\/Flyer_November_Lesung.jpg 679w\" sizes=\"(max-width: 212px) 100vw, 212px\" \/><\/a><p id=\"caption-attachment-1699\" class=\"wp-caption-text\">Offenes Mikro &#8211; Autoren Lesung im November<\/p><\/div>\n<div id=\"attachment_1727\" style=\"width: 310px\" class=\"wp-caption aligncenter\"><a href=\"https:\/\/www.andreas-dresen.de\/wordpress\/wp-content\/uploads\/2014\/11\/WP_20141113_20_49_54_Pro_kl.jpg\"><img aria-describedby=\"caption-attachment-1727\" decoding=\"async\" loading=\"lazy\" class=\"size-medium wp-image-1727\" alt=\"Andreas Dresen auf der B\u00fchne im CommonSense\" src=\"https:\/\/www.andreas-dresen.de\/wordpress\/wp-content\/uploads\/2014\/11\/WP_20141113_20_49_54_Pro_kl-300x168.jpg\" width=\"300\" height=\"168\" srcset=\"https:\/\/www.andreas-dresen.de\/wordpress\/wp-content\/uploads\/2014\/11\/WP_20141113_20_49_54_Pro_kl-300x168.jpg 300w, https:\/\/www.andreas-dresen.de\/wordpress\/wp-content\/uploads\/2014\/11\/WP_20141113_20_49_54_Pro_kl-1024x576.jpg 1024w\" sizes=\"(max-width: 300px) 100vw, 300px\" \/><\/a><p id=\"caption-attachment-1727\" class=\"wp-caption-text\">Andreas Dresen auf der B\u00fchne im CommonSense<\/p><\/div>\n<p>Der Hausherr (links im Bild) hat sich h\u00f6chstpers\u00f6nlich um Ton und Musik gek\u00fcmmert. Au\u00dferdem um die veganen H\u00e4ppchen, die am Ende der Veranstaltung auf mysteri\u00f6se Weise alle verschwunden waren. *schleck*<\/p>\n<div id=\"attachment_1724\" style=\"width: 235px\" class=\"wp-caption aligncenter\"><a href=\"https:\/\/www.andreas-dresen.de\/wordpress\/wp-content\/uploads\/2014\/11\/OM13.115.jpg\"><img aria-describedby=\"caption-attachment-1724\" decoding=\"async\" loading=\"lazy\" class=\"size-medium wp-image-1724\" alt=\"ArtCore Kunst im CommonSense\" src=\"https:\/\/www.andreas-dresen.de\/wordpress\/wp-content\/uploads\/2014\/11\/OM13.115-225x300.jpg\" width=\"225\" height=\"300\" srcset=\"https:\/\/www.andreas-dresen.de\/wordpress\/wp-content\/uploads\/2014\/11\/OM13.115-225x300.jpg 225w, https:\/\/www.andreas-dresen.de\/wordpress\/wp-content\/uploads\/2014\/11\/OM13.115-768x1024.jpg 768w\" sizes=\"(max-width: 225px) 100vw, 225px\" \/><\/a><p id=\"caption-attachment-1724\" class=\"wp-caption-text\">ArtCore Kunst im CommonSense<\/p><\/div>\n<p>Unterst\u00fctzt wurde die Veranstaltung von ArtCore und ihren Bildern und Kaligraphien, die die W\u00e4nde und die B\u00fchne schm\u00fcckten.<\/p>\n<blockquote><p>\nArt Core ist der Zusammenschluss zweier Aachener K\u00fcnstler, die seit 2012 zusammen arbeiten. Wir beziehen Zeichnungen, Malerei, Schablonen, Fotografie und Kalligrafie in unsere Arbeit mit ein. Es ist die Freiheit, mit den unterschiedlichen Techniken und Materialien zu experimentiern, die uns inspiriert und uns die M\u00f6glichkeit gibt, unseren Meinungen, Interessen und Sichtweisen Ausdruck zu verleihen.<\/p><\/blockquote>\n<div id=\"attachment_1720\" style=\"width: 235px\" class=\"wp-caption aligncenter\"><a href=\"https:\/\/www.andreas-dresen.de\/wordpress\/wp-content\/uploads\/2014\/11\/OM13.11.6.jpg\"><img aria-describedby=\"caption-attachment-1720\" decoding=\"async\" loading=\"lazy\" class=\"size-medium wp-image-1720\" title=\"Robert Targan und Falk Sperber vor dem aufregenden Auftritt.\" alt=\"Robert Targan und Falk Sperber vor dem aufregenden Auftritt.\" src=\"https:\/\/www.andreas-dresen.de\/wordpress\/wp-content\/uploads\/2014\/11\/OM13.11.6-225x300.jpg\" width=\"225\" height=\"300\" srcset=\"https:\/\/www.andreas-dresen.de\/wordpress\/wp-content\/uploads\/2014\/11\/OM13.11.6-225x300.jpg 225w, https:\/\/www.andreas-dresen.de\/wordpress\/wp-content\/uploads\/2014\/11\/OM13.11.6-768x1024.jpg 768w\" sizes=\"(max-width: 225px) 100vw, 225px\" \/><\/a><p id=\"caption-attachment-1720\" class=\"wp-caption-text\">Robert Targan und Falk Sperber vor dem aufregenden Auftritt.<\/p><\/div>\n<p>Als Eisbrecher trat Robert Targan auf die B\u00fchne &#8230;<\/p>\n<blockquote><p>&#8222;Robert Targan wurde 1983 in D\u00fcsseldorf geboren; nach Aachen kam er zwecks Liebe und Studium. Beides wurde l\u00e4ngst beendet. Nach ersten Besuchen von Poetry Slams und Lesungen zog es ihn selbst auf die B\u00fchne \u2013 manchmal zog man ihn auch wieder herunter. Mittlerweile aber entfalten seine Kurzgeschichten kleine Einblicke auf die verkratzten B-Seiten des Alltags: Diskoabende in der eigenen Wohnung \u2013 ganz ohne G\u00e4steliste, das Treffen l\u00e4ngst verdr\u00e4ngter Menschen beim Besuch im Heimathafen oder aber angehimmelte Frauen, die wegen und leider auch trotz Alkohol schwanken. Gerne quetscht Targan all diese Themen auch in Reimform \u2013 ob diese nun wollen oder nicht.<br \/>\nRobert Targan lebt, schreibt und arbeitet in Aachen. Immer am ersten Freitag im Monat moderiert er den Aachener Poetry Slam satznachvorn. Auch auf Leseb\u00fchnen ist er mit seinen Texten anzutreffen. Zurzeit schreibt er nicht an seinem Deb\u00fctroman. Das hat er noch nie getan.&#8220;<\/p><\/blockquote>\n<p>An zweiter Stelle hat Bj\u00f6rn Gotzes (ohne Bild) auf seine unvergleichliche Art Gedichte vorgetragen. Oder eher &#8211; er hat die B\u00fchne belebt mit seinen intensiv und eindrucksvoll dargebrachten Texten. Das Publikum war auf jeden Fall begeistert.<\/p>\n<p>&#8222;Der Literaturlehrer Bj\u00f6rn Gotzes aus Aachen ist nebenbei als Schauspieler, Regisseur und Poetry Slammer aktiv. Seine favorisierte Textvortragssorte sind Gedichte.&#8220;<\/p>\n<div id=\"attachment_1721\" style=\"width: 310px\" class=\"wp-caption aligncenter\"><a href=\"https:\/\/www.andreas-dresen.de\/wordpress\/wp-content\/uploads\/2014\/11\/OM13.11.7.jpg\"><img aria-describedby=\"caption-attachment-1721\" decoding=\"async\" loading=\"lazy\" class=\"size-medium wp-image-1721\" alt=\"Falk Sperber liest im CommonSense \" src=\"https:\/\/www.andreas-dresen.de\/wordpress\/wp-content\/uploads\/2014\/11\/OM13.11.7-300x225.jpg\" width=\"300\" height=\"225\" srcset=\"https:\/\/www.andreas-dresen.de\/wordpress\/wp-content\/uploads\/2014\/11\/OM13.11.7-300x225.jpg 300w, https:\/\/www.andreas-dresen.de\/wordpress\/wp-content\/uploads\/2014\/11\/OM13.11.7-1024x768.jpg 1024w\" sizes=\"(max-width: 300px) 100vw, 300px\" \/><\/a><p id=\"caption-attachment-1721\" class=\"wp-caption-text\">Falk Sperber liest im CommonSense<\/p><\/div>\n<p>Der dritte Gastautor war ein Newcomer auf der B\u00fchne  (soweit ich wei\u00df ) &#8211; Falk Sperber, langj\u00e4hriger Aachener und Gr\u00fcnder (Wirt) der Literaturgruppe &#8222;Kneipenpoesie&#8220;, Mitautor des humoristischen Krimis &#8222;Bart Ortland &#8211; Der Held des Tages&#8220; und standhafter Verfechter des Spiegeleier-Witzes, hat an diesem Abend auf der B\u00fchne des Common Sense Gew\u00f6lbe aus seinen Texten gelesen und mit seiner Fliegengeschichte und seinen M\u00fcckengedichten die Zuh\u00f6rer erfreut.<\/p><\/blockquote>\n<div id=\"attachment_1722\" style=\"width: 235px\" class=\"wp-caption aligncenter\"><a href=\"https:\/\/www.andreas-dresen.de\/wordpress\/wp-content\/uploads\/2014\/11\/OM13.11.8.jpg\"><img aria-describedby=\"caption-attachment-1722\" decoding=\"async\" loading=\"lazy\" class=\"size-medium wp-image-1722\" title=\"Andreas Dresen hat Spa\u00df\" alt=\"Andreas Dresen hat Spa\u00df\" src=\"https:\/\/www.andreas-dresen.de\/wordpress\/wp-content\/uploads\/2014\/11\/OM13.11.8-225x300.jpg\" width=\"225\" height=\"300\" srcset=\"https:\/\/www.andreas-dresen.de\/wordpress\/wp-content\/uploads\/2014\/11\/OM13.11.8-225x300.jpg 225w, https:\/\/www.andreas-dresen.de\/wordpress\/wp-content\/uploads\/2014\/11\/OM13.11.8-768x1024.jpg 768w\" sizes=\"(max-width: 225px) 100vw, 225px\" \/><\/a><p id=\"caption-attachment-1722\" class=\"wp-caption-text\">Andreas Dresen hat Spa\u00df<\/p><\/div>\n<p>Das Feedback zur Veranstaltung war sehr positiv und wir freuen uns auf die Folgeveranstaltung!<\/p>\n<p>Wer was \u00fcber mich wissen will, der <a href=\"https:\/\/www.andreas-dresen.de\/wordpress\/?page_id=7\">folgt diesem Link&#8230;<\/a><\/p>\n<p>Und hier der Hinweis zur Folgeveranstaltung am 11. Dezember 2014. Kommt reichlich und bringt 3 Euro und ein paar Freunde mit! <\/p>\n<div id=\"attachment_1731\" style=\"width: 222px\" class=\"wp-caption aligncenter\"><a href=\"https:\/\/www.andreas-dresen.de\/wordpress\/wp-content\/uploads\/2014\/11\/Flyer_OM_Dezember_edit1.jpg\"><img aria-describedby=\"caption-attachment-1731\" decoding=\"async\" loading=\"lazy\" class=\"size-medium wp-image-1731\" alt=\"Offenes Mikro im Dezember!\" src=\"https:\/\/www.andreas-dresen.de\/wordpress\/wp-content\/uploads\/2014\/11\/Flyer_OM_Dezember_edit1-212x300.jpg\" width=\"212\" height=\"300\" srcset=\"https:\/\/www.andreas-dresen.de\/wordpress\/wp-content\/uploads\/2014\/11\/Flyer_OM_Dezember_edit1-212x300.jpg 212w, https:\/\/www.andreas-dresen.de\/wordpress\/wp-content\/uploads\/2014\/11\/Flyer_OM_Dezember_edit1-724x1024.jpg 724w, https:\/\/www.andreas-dresen.de\/wordpress\/wp-content\/uploads\/2014\/11\/Flyer_OM_Dezember_edit1.jpg 1241w\" sizes=\"(max-width: 212px) 100vw, 212px\" \/><\/a><p id=\"caption-attachment-1731\" class=\"wp-caption-text\">Offenes Mikro im Dezember!<\/p><\/div>\n","protected":false},"excerpt":{"rendered":"<p>Vor genau einer Woche war es soweit. Die Premiere der Veranstaltung &#8222;B\u00fchne frei f\u00fcr Aachener Autoren &#8211; Offenes Mikro&#8220; unter dem Motto: &#8222;Lesen kann jeder&#8220; fand im Gew\u00f6lbekeller des Bio-Restaurants CommonSense in Aachen statt. Eingeladene Gastautoren waren Robert Targan, Bj\u00f6rn &hellip; <a href=\"https:\/\/www.andreas-dresen.de\/wordpress\/?p=1729\">Weiterlesen <span class=\"meta-nav\">&rarr;<\/span><\/a><\/p>\n","protected":false},"author":3,"featured_media":0,"comment_status":"open","ping_status":"open","sticky":false,"template":"","format":"standard","meta":{"ngg_post_thumbnail":0},"categories":[244,1,173,55,30,57],"tags":[66,27,385,380,377,379,418,384,378],"_links":{"self":[{"href":"https:\/\/www.andreas-dresen.de\/wordpress\/index.php?rest_route=\/wp\/v2\/posts\/1729"}],"collection":[{"href":"https:\/\/www.andreas-dresen.de\/wordpress\/index.php?rest_route=\/wp\/v2\/posts"}],"about":[{"href":"https:\/\/www.andreas-dresen.de\/wordpress\/index.php?rest_route=\/wp\/v2\/types\/post"}],"author":[{"embeddable":true,"href":"https:\/\/www.andreas-dresen.de\/wordpress\/index.php?rest_route=\/wp\/v2\/users\/3"}],"replies":[{"embeddable":true,"href":"https:\/\/www.andreas-dresen.de\/wordpress\/index.php?rest_route=%2Fwp%2Fv2%2Fcomments&post=1729"}],"version-history":[{"count":4,"href":"https:\/\/www.andreas-dresen.de\/wordpress\/index.php?rest_route=\/wp\/v2\/posts\/1729\/revisions"}],"predecessor-version":[{"id":1768,"href":"https:\/\/www.andreas-dresen.de\/wordpress\/index.php?rest_route=\/wp\/v2\/posts\/1729\/revisions\/1768"}],"wp:attachment":[{"href":"https:\/\/www.andreas-dresen.de\/wordpress\/index.php?rest_route=%2Fwp%2Fv2%2Fmedia&parent=1729"}],"wp:term":[{"taxonomy":"category","embeddable":true,"href":"https:\/\/www.andreas-dresen.de\/wordpress\/index.php?rest_route=%2Fwp%2Fv2%2Fcategories&post=1729"},{"taxonomy":"post_tag","embeddable":true,"href":"https:\/\/www.andreas-dresen.de\/wordpress\/index.php?rest_route=%2Fwp%2Fv2%2Ftags&post=1729"}],"curies":[{"name":"wp","href":"https:\/\/api.w.org\/{rel}","templated":true}]}}